{"id":441,"date":"2008-04-29T18:44:21","date_gmt":"2008-04-29T15:44:21","guid":{"rendered":"http:\/\/www.kleckas.lt\/blog\/?p=441"},"modified":"2013-02-06T21:54:49","modified_gmt":"2013-02-06T19:54:49","slug":"seimas-ruosiasi-nuimti-salmus","status":"publish","type":"post","link":"https:\/\/www.kleckas.lt\/blog\/seimas-ruosiasi-nuimti-salmus\/","title":{"rendered":"seimas ruo\u0161iasi nuimti \u0161almus"},"content":{"rendered":"<p style=\"text-align: center;\"><a href=\"http:\/\/www3.lrs.lt\/home\/images\/VISI\/nauja_sale1.jpg\" target=\"_blank\"><img loading=\"lazy\" decoding=\"async\" class=\"alignnone size-full wp-image-8704\" title=\"nauja_sale1\" src=\"http:\/\/www.kleckas.lt\/blog\/wp-content\/uploads\/nauja_sale1.jpg\" alt=\"\" width=\"580\" height=\"387\" \/><\/a><\/p>\n<p>Prie\u0161 pusvaland\u012f \u0161ov\u0117 mintis \u012f galv\u0105: \u201eGal \u012fsijungti tiesiogin\u0119 seimo pos\u0117d\u017ei\u0173 transliacij\u0105 internetu?\u201c Vis neatsid\u017eiaugiu savo smegen\u0173 sugeb\u0117jimais &#8211; pataikiau t\u0105 akimirk\u0105, kai <a href=\"http:\/\/www.kubilius.lt\/\" target=\"_blank\">A. Kubilius<\/a> jau pristatin\u0117jo projekt\u0105, kuriuo kei\u010diamas \u0161alm\u0173 ir liemeni\u0173 dviratininkams \u012fstatymas.<\/p>\n<p>\u017dingsnis \u017eengtas! <strong>Projektas priimtas<\/strong>! Pagrindin\u0117 mintis, kuri tikriausiai i\u0161gelb\u0117s Lietuv\u0105 nuo dar vieno idioti\u0161ko \u012fstatymo, buvo ta, kad seimo nariai ne\u012fsivaizduoja kaimo bobut\u0117s va\u017eiuojan\u010dios su \u0161almu. Kaimas mus i\u0161gelb\u0117s, kaimas vis dar naudingas :) \u0160iek tiek dar padiskutavo Andrius Baranauskas &#8211; ka\u017ekoki\u0173 nes\u0105moni\u0173 prikalb\u0117jo, apie ka\u017ekokius \u0161almus sand\u0117liuose kalb\u0117jo. Tada kalb\u0117jo Vida Marija \u010cigrien\u0117 &#8211; pritar\u0117 projektui, tik \u0161nek\u0117jo, jog daugiausiai eismo \u012fvyki\u0173 su dvira\u010diais atsitinka d\u0117l dviratinink\u0173 kalt\u0117s &#8211; gal reikt\u0173 tokius \u017emones ap\u0161viesti, kad daugiausiai eismo \u012fvyki\u0173 su dvira\u010diais atsitinka d\u0117l kiauli\u0173-asil\u0173 vairuotoj\u0173, kurie sau visk\u0105 leid\u017eia? Tada kalb\u0117jo Rytas Kup\u010dinkas &#8211; lyg ir nepritaria, bet \u0161iaip nieko nesupranta. Ir paskutinis &#8211; Antanas Matulas &#8211; prad\u0117jo kalb\u0117ti apie ka\u017ekokias statistikas, kuri\u0173 jis neturi, ta\u010diau yra savim u\u017etikrintas. Ta\u010diau atrodo neprie\u0161taravo.<\/p>\n<p>Ir rezultatu &#8211; U\u017d-26, PRIE\u0160-0 &#8211; pirm\u0105 raund\u0105 laim\u0117jo A. Kubilius ir mes, tod\u0117l \u0161is projektas bus svarstomas gegu\u017e\u0117s 22-\u0105 dien\u0105. Pasistengsiu t\u0105 dien\u0105 steb\u0117ti seimo darb\u0105 ir i\u0161kart visk\u0105 apra\u0161ysiu savo tinklara\u0161tyje.<\/p>\n<p>O dabar visiems pra\u0161ymas (net gal paliepimas) &#8211; nusi\u0173skime A. Kubiliui ir A. Salamakinui po pad\u0117kos lai\u0161kel\u012f (na ir kas kad tuoj rinkimai, svarbu, kad jie atkreip\u0117 \u012f mus d\u0117mes\u012f), o mano pamin\u0117tiems bei visiems kitiems seimo nariams &#8211; <a href=\"http:\/\/veganas.wordpress.com\/2008\/04\/23\/biking\/\" target=\"_blank\">po skatinam\u0105j\u012f lai\u0161k\u0105<\/a>. Visus adresus galite rasti <a href=\"http:\/\/sapnas.net\/tmp\/seimunu.htm\" target=\"_blank\">\u010dia<\/a>. Tiksli\u0105 informacij\u0105 apie seim\u016bnus &#8211; <a href=\"http:\/\/www3.lrs.lt\/pls\/inter\/w5_show?p_r=786&amp;p_k=1\" target=\"_blank\">\u010dia<\/a>.<\/p>\n","protected":false},"excerpt":{"rendered":"<p>Prie\u0161 pusvaland\u012f \u0161ov\u0117 mintis \u012f galv\u0105: \u201eGal \u012fsijungti tiesiogin\u0119 seimo pos\u0117d\u017ei\u0173 transliacij\u0105 internetu?\u201c Vis neatsid\u017eiaugiu savo smegen\u0173 sugeb\u0117jimais &#8211; pataikiau t\u0105 akimirk\u0105, kai A. Kubilius jau pristatin\u0117jo projekt\u0105, kuriuo kei\u010diamas \u0161alm\u0173 ir liemeni\u0173 dviratininkams \u012fstatymas. \u017dingsnis \u017eengtas! Projektas priimtas! Pagrindin\u0117 mintis, kuri tikriausiai i\u0161gelb\u0117s Lietuv\u0105 nuo dar vieno idioti\u0161ko \u012fstatymo, buvo ta, kad seimo nariai [&hellip;]<\/p>\n","protected":false},"author":4,"featured_media":0,"comment_status":"open","ping_status":"open","sticky":false,"template":"","format":"standard","meta":{"_jetpack_newsletter_access":"","_jetpack_dont_email_post_to_subs":false,"_jetpack_newsletter_tier_id":0,"_jetpack_memberships_contains_paywalled_content":false,"_jetpack_memberships_contains_paid_content":false,"footnotes":"","jetpack_publicize_message":"","jetpack_publicize_feature_enabled":true,"jetpack_social_post_already_shared":false,"jetpack_social_options":{"image_generator_settings":{"template":"highway","default_image_id":0,"font":"","enabled":false},"version":2},"jetpack_post_was_ever_published":false},"categories":[375],"tags":[438,440,439,437],"class_list":["post-441","post","type-post","status-publish","format-standard","hentry","category-dayafteryesterday","tag-dviraciai","tag-dviratininkai","tag-istatymas","tag-seimas"],"jetpack_publicize_connections":[],"jetpack_featured_media_url":"","jetpack_shortlink":"https:\/\/wp.me\/pbFPw-77","jetpack_sharing_enabled":true,"_links":{"self":[{"href":"https:\/\/www.kleckas.lt\/blog\/wp-json\/wp\/v2\/posts\/441","targetHints":{"allow":["GET"]}}],"collection":[{"href":"https:\/\/www.kleckas.lt\/blog\/wp-json\/wp\/v2\/posts"}],"about":[{"href":"https:\/\/www.kleckas.lt\/blog\/wp-json\/wp\/v2\/types\/post"}],"author":[{"embeddable":true,"href":"https:\/\/www.kleckas.lt\/blog\/wp-json\/wp\/v2\/users\/4"}],"replies":[{"embeddable":true,"href":"https:\/\/www.kleckas.lt\/blog\/wp-json\/wp\/v2\/comments?post=441"}],"version-history":[{"count":1,"href":"https:\/\/www.kleckas.lt\/blog\/wp-json\/wp\/v2\/posts\/441\/revisions"}],"predecessor-version":[{"id":8705,"href":"https:\/\/www.kleckas.lt\/blog\/wp-json\/wp\/v2\/posts\/441\/revisions\/8705"}],"wp:attachment":[{"href":"https:\/\/www.kleckas.lt\/blog\/wp-json\/wp\/v2\/media?parent=441"}],"wp:term":[{"taxonomy":"category","embeddable":true,"href":"https:\/\/www.kleckas.lt\/blog\/wp-json\/wp\/v2\/categories?post=441"},{"taxonomy":"post_tag","embeddable":true,"href":"https:\/\/www.kleckas.lt\/blog\/wp-json\/wp\/v2\/tags?post=441"}],"curies":[{"name":"wp","href":"https:\/\/api.w.org\/{rel}","templated":true}]}}